{"id":1336,"date":"2025-04-08T10:27:38","date_gmt":"2025-04-08T08:27:38","guid":{"rendered":"https:\/\/areasimulacionclinica.umh.es\/?p=1336"},"modified":"2025-08-28T11:46:21","modified_gmt":"2025-08-28T09:46:21","slug":"la-realidad-virtual-como-aliada-en-la-docencia-la-umh-participa-en-un-encuentro-formativo-en-la-universidad-de-murcia","status":"publish","type":"post","link":"https:\/\/areasimulacionclinica.umh.es\/ca\/2025\/04\/08\/la-realidad-virtual-como-aliada-en-la-docencia-la-umh-participa-en-un-encuentro-formativo-en-la-universidad-de-murcia\/","title":{"rendered":"La Realitat Virtual com a aliada en la doc\u00e8ncia: la UMH participa en una trobada formativa en la Universitat de M\u00farcia"},"content":{"rendered":"<p>Dilluns passat, la Universitat de M\u00farcia (UMU) de la m\u00e0 de la degana de Medicina, Carmen Robles, va organitzar una jornada formativa dirigida al personal docent universitari, centrada en l&#8217;\u00fas de tecnologies immersives aplicades a l&#8217;ensenyament. Aquesta activitat s&#8217;emmarca en el projecte de la *UMU per al desenvolupament d&#8217;experi\u00e8ncies educatives amb Realitat Virtual, una iniciativa que busca incorporar aquesta tecnologia en diferents \u00e0rees del coneixement per a enriquir l&#8217;aprenentatge.<\/p>\n<p>Durant la trobada, es van presentar casos pr\u00e0ctics i es van oferir tallers participatius, on el professorat va poder experimentar de primera m\u00e0 les possibilitats que ofereix la Realitat Virtual per a crear entorns formatius segurs, atractius i efica\u00e7os.<\/p>\n<p>La Universitat Miguel Hern\u00e1ndez va estar representada pel professor i pediatre Francisco S\u00e1nchez Ferrer i la t\u00e8cnic en simulaci\u00f3 cl\u00ednica Mar\u00eda Dolores Feredat Murcia, tots dos integrants actius de l&#8217;\u00c0rea de Simulaci\u00f3 Cl\u00ednica de la nostra universitat. La seua intervenci\u00f3 va posar en relleu l&#8217;experi\u00e8ncia de la UMH en l&#8217;aplicaci\u00f3 d&#8217;entorns virtuals en la formaci\u00f3 en Ci\u00e8ncies de la Salut, combinant simulaci\u00f3 cl\u00ednica tradicional amb tecnologies immersives per a enfortir l&#8217;aprenentatge basat en la pr\u00e0ctica.<\/p>\n<p>A m\u00e9s, van compartir reflexions sobre la formaci\u00f3 del professorat, l&#8217;adaptaci\u00f3 curricular i l&#8217;adequaci\u00f3 d&#8217;espais, subratllant que la integraci\u00f3 d&#8217;aquestes eines no sols millora l&#8217;adquisici\u00f3 de compet\u00e8ncies, sin\u00f3 que tamb\u00e9 promou la seguretat del pacient.<\/p>\n<p>Des de l&#8217;\u00c0rea de Simulaci\u00f3 Cl\u00ednica de la UMH celebrem la participaci\u00f3 activa del nostre equip en iniciatives que promouen la innovaci\u00f3 docent i la col\u00b7laboraci\u00f3 interuniversit\u00e0ria.<\/p>\n<div id=\"attachment_1351\" style=\"width: 310px\" class=\"wp-caption aligncenter\"><a href=\"https:\/\/areasimulacionclinica.umh.es\/files\/2025\/04\/Imagen-de-WhatsApp-2025-04-08-a-las-09.54.04_263b7b38.jpg\"><img aria-describedby=\"caption-attachment-1351\" loading=\"lazy\" class=\"wp-image-1351 size-medium\" src=\"https:\/\/areasimulacionclinica.umh.es\/files\/2025\/04\/Imagen-de-WhatsApp-2025-04-08-a-las-09.54.04_263b7b38-300x225.jpg\" alt=\"\" width=\"300\" height=\"225\" srcset=\"https:\/\/areasimulacionclinica.umh.es\/files\/2025\/04\/Imagen-de-WhatsApp-2025-04-08-a-las-09.54.04_263b7b38-300x225.jpg 300w, https:\/\/areasimulacionclinica.umh.es\/files\/2025\/04\/Imagen-de-WhatsApp-2025-04-08-a-las-09.54.04_263b7b38-1024x768.jpg 1024w, https:\/\/areasimulacionclinica.umh.es\/files\/2025\/04\/Imagen-de-WhatsApp-2025-04-08-a-las-09.54.04_263b7b38-768x576.jpg 768w, https:\/\/areasimulacionclinica.umh.es\/files\/2025\/04\/Imagen-de-WhatsApp-2025-04-08-a-las-09.54.04_263b7b38-1536x1152.jpg 1536w, https:\/\/areasimulacionclinica.umh.es\/files\/2025\/04\/Imagen-de-WhatsApp-2025-04-08-a-las-09.54.04_263b7b38.jpg 2048w\" sizes=\"(max-width: 300px) 100vw, 300px\" \/><\/a><p id=\"caption-attachment-1351\" class=\"wp-caption-text\">El profesor Francisco S\u00e1nchez Ferrer en la jornada sobre tecnolog\u00edas inmersivas. Foto: UMU<\/p><\/div>\n\n\t\t<style type=\"text\/css\">\n\t\t\t#gallery-2 {\n\t\t\t\tmargin: auto;\n\t\t\t}\n\t\t\t#gallery-2 .gallery-item {\n\t\t\t\tfloat: left;\n\t\t\t\tmargin-top: 10px;\n\t\t\t\ttext-align: center;\n\t\t\t\twidth: 33%;\n\t\t\t}\n\t\t\t#gallery-2 img {\n\t\t\t\tborder: 2px solid #cfcfcf;\n\t\t\t}\n\t\t\t#gallery-2 .gallery-caption {\n\t\t\t\tmargin-left: 0;\n\t\t\t}\n\t\t\t\/* see gallery_shortcode() in wp-includes\/media.php *\/\n\t\t<\/style>\n\t\t<div id='gallery-2' class='gallery galleryid-1336 gallery-columns-3 gallery-size-thumbnail'><dl class='gallery-item'>\n\t\t\t<dt class='gallery-icon landscape'>\n\t\t\t\t<a href='https:\/\/areasimulacionclinica.umh.es\/ca\/2025\/04\/08\/la-realidad-virtual-como-aliada-en-la-docencia-la-umh-participa-en-un-encuentro-formativo-en-la-universidad-de-murcia\/unnamed\/'><img width=\"150\" height=\"150\" src=\"https:\/\/areasimulacionclinica.umh.es\/files\/2025\/04\/unnamed-150x150.jpg\" class=\"attachment-thumbnail size-thumbnail\" alt=\"\" loading=\"lazy\" \/><\/a>\n\t\t\t<\/dt><\/dl><dl class='gallery-item'>\n\t\t\t<dt class='gallery-icon landscape'>\n\t\t\t\t<a href='https:\/\/areasimulacionclinica.umh.es\/ca\/2025\/04\/08\/la-realidad-virtual-como-aliada-en-la-docencia-la-umh-participa-en-un-encuentro-formativo-en-la-universidad-de-murcia\/imagen-de-whatsapp-2025-04-08-a-las-09-54-04_aa5303b5\/'><img width=\"150\" height=\"150\" src=\"https:\/\/areasimulacionclinica.umh.es\/files\/2025\/04\/Imagen-de-WhatsApp-2025-04-08-a-las-09.54.04_aa5303b5-150x150.jpg\" class=\"attachment-thumbnail size-thumbnail\" alt=\"\" loading=\"lazy\" \/><\/a>\n\t\t\t<\/dt><\/dl><dl class='gallery-item'>\n\t\t\t<dt class='gallery-icon landscape'>\n\t\t\t\t<a href='https:\/\/areasimulacionclinica.umh.es\/ca\/2025\/04\/08\/la-realidad-virtual-como-aliada-en-la-docencia-la-umh-participa-en-un-encuentro-formativo-en-la-universidad-de-murcia\/imagen-de-whatsapp-2025-04-08-a-las-09-54-05_01449217\/'><img width=\"150\" height=\"150\" src=\"https:\/\/areasimulacionclinica.umh.es\/files\/2025\/04\/Imagen-de-WhatsApp-2025-04-08-a-las-09.54.05_01449217-150x150.jpg\" class=\"attachment-thumbnail size-thumbnail\" alt=\"\" loading=\"lazy\" \/><\/a>\n\t\t\t<\/dt><\/dl><br style=\"clear: both\" \/><dl class='gallery-item'>\n\t\t\t<dt class='gallery-icon portrait'>\n\t\t\t\t<a href='https:\/\/areasimulacionclinica.umh.es\/ca\/2025\/04\/08\/la-realidad-virtual-como-aliada-en-la-docencia-la-umh-participa-en-un-encuentro-formativo-en-la-universidad-de-murcia\/imagen-de-whatsapp-2025-04-08-a-las-09-54-05_b406159a\/'><img width=\"150\" height=\"150\" src=\"https:\/\/areasimulacionclinica.umh.es\/files\/2025\/04\/Imagen-de-WhatsApp-2025-04-08-a-las-09.54.05_b406159a-150x150.jpg\" class=\"attachment-thumbnail size-thumbnail\" alt=\"\" loading=\"lazy\" \/><\/a>\n\t\t\t<\/dt><\/dl><dl class='gallery-item'>\n\t\t\t<dt class='gallery-icon landscape'>\n\t\t\t\t<a href='https:\/\/areasimulacionclinica.umh.es\/ca\/2025\/04\/08\/la-realidad-virtual-como-aliada-en-la-docencia-la-umh-participa-en-un-encuentro-formativo-en-la-universidad-de-murcia\/imagen-de-whatsapp-2025-04-08-a-las-09-54-04_fa23f5b5\/'><img width=\"150\" height=\"150\" src=\"https:\/\/areasimulacionclinica.umh.es\/files\/2025\/04\/Imagen-de-WhatsApp-2025-04-08-a-las-09.54.04_fa23f5b5-150x150.jpg\" class=\"attachment-thumbnail size-thumbnail\" alt=\"\" loading=\"lazy\" \/><\/a>\n\t\t\t<\/dt><\/dl><dl class='gallery-item'>\n\t\t\t<dt class='gallery-icon landscape'>\n\t\t\t\t<a href='https:\/\/areasimulacionclinica.umh.es\/ca\/2025\/04\/08\/la-realidad-virtual-como-aliada-en-la-docencia-la-umh-participa-en-un-encuentro-formativo-en-la-universidad-de-murcia\/imagen-de-whatsapp-2025-04-08-a-las-09-54-04_681185e8\/'><img width=\"150\" height=\"150\" src=\"https:\/\/areasimulacionclinica.umh.es\/files\/2025\/04\/Imagen-de-WhatsApp-2025-04-08-a-las-09.54.04_681185e8-150x150.jpg\" class=\"attachment-thumbnail size-thumbnail\" alt=\"\" loading=\"lazy\" \/><\/a>\n\t\t\t<\/dt><\/dl><br style=\"clear: both\" \/>\n\t\t<\/div>\n\n<p style=\"text-align: center\">Representantes de la UMH y otras universidades en la jornada sobre tecnolog\u00edas inmersivas. Foto: UMU<\/p>\n<p>M\u00e1s informaci\u00f3n en https:\/\/www.laopiniondemurcia.es\/comunidad\/2025\/04\/08\/realidad-virtual-llega-aulas-umu-116149454.html<\/p>","protected":false},"excerpt":{"rendered":"<p>Dilluns passat, la Universitat de M\u00farcia (UMU) de la m\u00e0 de la degana de Medicina, Carmen Robles, va organitzar una jornada formativa dirigida al personal docent universitari, centrada en l&#8217;\u00fas de tecnologies immersives aplicades a l&#8217;ensenyament. Aquesta activitat s&#8217;emmarca en el projecte de la *UMU per al desenvolupament d&#8217;experi\u00e8ncies educatives amb Realitat Virtual, una iniciativa [&#8230;]<\/p>\n","protected":false},"author":4376,"featured_media":0,"comment_status":"closed","ping_status":"open","sticky":false,"template":"","format":"standard","meta":{"_links_to":"","_links_to_target":""},"categories":[164,633,255,56],"tags":[1517401,45634,1517404],"_links":{"self":[{"href":"https:\/\/areasimulacionclinica.umh.es\/ca\/wp-json\/wp\/v2\/posts\/1336"}],"collection":[{"href":"https:\/\/areasimulacionclinica.umh.es\/ca\/wp-json\/wp\/v2\/posts"}],"about":[{"href":"https:\/\/areasimulacionclinica.umh.es\/ca\/wp-json\/wp\/v2\/types\/post"}],"author":[{"embeddable":true,"href":"https:\/\/areasimulacionclinica.umh.es\/ca\/wp-json\/wp\/v2\/users\/4376"}],"replies":[{"embeddable":true,"href":"https:\/\/areasimulacionclinica.umh.es\/ca\/wp-json\/wp\/v2\/comments?post=1336"}],"version-history":[{"count":0,"href":"https:\/\/areasimulacionclinica.umh.es\/ca\/wp-json\/wp\/v2\/posts\/1336\/revisions"}],"wp:attachment":[{"href":"https:\/\/areasimulacionclinica.umh.es\/ca\/wp-json\/wp\/v2\/media?parent=1336"}],"wp:term":[{"taxonomy":"category","embeddable":true,"href":"https:\/\/areasimulacionclinica.umh.es\/ca\/wp-json\/wp\/v2\/categories?post=1336"},{"taxonomy":"post_tag","embeddable":true,"href":"https:\/\/areasimulacionclinica.umh.es\/ca\/wp-json\/wp\/v2\/tags?post=1336"}],"curies":[{"name":"wp","href":"https:\/\/api.w.org\/{rel}","templated":true}]}}